{"id":25798,"date":"2024-01-18T11:17:47","date_gmt":"2024-01-18T11:17:47","guid":{"rendered":"https:\/\/www.sib.it\/?p=25798"},"modified":"2024-01-05T11:31:12","modified_gmt":"2024-01-05T11:31:12","slug":"proprieta-intellettuale-e-ricerca-universitaria-paolo-di-giovine-tiene-il-seminario-poc-academy","status":"publish","type":"post","link":"https:\/\/www.sib.it\/en\/events\/paolo-di-giovine-to-hold-poc-academy-seminar-on-intellectual-property-for-researchers\/","title":{"rendered":"Paolo Di Giovine to hold PoC Academy seminar on intellectual property for researchers"},"content":{"rendered":"<p>On 18 January 2024 our partner <a href=\"https:\/\/www.sib.it\/en\/our-team\/paolo-di-giovine-italian-patent-attorney-chemistry\/\" target=\"_blank\" rel=\"noopener\">Paolo Di Giovine<\/a> is to hold a seminar on intellectual property in university reasearch as part of PoC Academy, a series of events for Proof of Concept projects that are winners of the AlmaValue contest, funded by the <a href=\"https:\/\/www.unibo.it\/en\/homepage\" target=\"_blank\" rel=\"noopener\">University of Bologna<\/a> and by the <a href=\"https:\/\/www.mimit.gov.it\/en\/\" target=\"_blank\" rel=\"noopener\">Italian Ministry of Enterprises and Made in Italy<\/a>.<img class=\"size-full wp-image-5470 alignright\" src=\"https:\/\/www.sib.it\/wp-content\/uploads\/2017\/11\/Lecture3.jpg\" alt=\"propriet\u00e0 intellettuale ricerca universitaria\" width=\"623\" height=\"193\" srcset=\"https:\/\/www.sib.it\/wp-content\/uploads\/2017\/11\/Lecture3.jpg 623w, https:\/\/www.sib.it\/wp-content\/uploads\/2017\/11\/Lecture3-300x93.jpg 300w\" sizes=\"(max-width: 623px) 100vw, 623px\" \/><\/p>\n<p>PoC Academy aims to give researchers involved in the projects some training on how to leverage intellectual property rights to enhance and exploit the value of their innovation.<\/p>\n<p>It\u2019s always stimulating to engage with researchers at academic level, and we welcome the opportunity to increase awareness among researchers about how intellectual property can be used to protect inventions and enhance their value.<\/p>\n<h2><span style=\"color: #ff6600;\">Further information<\/span><\/h2>\n<p>Do you have questions about intellectual property rights and university research? <a href=\"https:\/\/www.sib.it\/en\/queries\/\" target=\"_blank\" rel=\"noopener\">Contact us<\/a>.<\/p>\n<p>&nbsp;<\/p>\n<p><em>Related content<\/em><\/p>\n<p>Clients &#8211; <a href=\"https:\/\/www.sib.it\/en\/clients\/universities-research-organizations\/\" target=\"_blank\" rel=\"noopener\">Universities and research organisations<\/a><\/p>\n<p>&nbsp;<\/p>","protected":false},"excerpt":{"rendered":"<p>On 18 January 2024 our partner Paolo Di Giovine is to hold a seminar on intellectual property in university reasearch as part of PoC Academy, a series of events for Proof of Concept projects that are winners of the AlmaValue contest, funded by the University of Bologna and by the Italian Ministry of Enterprises and [&hellip;]<\/p>\n","protected":false},"author":4,"featured_media":5471,"comment_status":"closed","ping_status":"closed","sticky":false,"template":"","format":"standard","meta":{"_mi_skip_tracking":false},"categories":[15],"tags":[],"acf":[],"yoast_head":"<!-- This site is optimized with the Yoast SEO plugin v18.4.1 - https:\/\/yoast.com\/wordpress\/plugins\/seo\/ -->\n<title>Propriet\u00e0 intellettuale e ricerca universitaria: Paolo Di Giovine ne parla per PoC Academy<\/title>\n<meta name=\"description\" content=\"Propriet\u00e0 intellettuale e ricerca universitaria, Paolo Di Giovine ne parler\u00e0 in un seminario per PoC Academy il 18 gennaio 2024.\" \/>\n<meta name=\"robots\" content=\"index, follow, max-snippet:-1, max-image-preview:large, max-video-preview:-1\" \/>\n<link rel=\"canonical\" href=\"https:\/\/www.sib.it\/?p=25798\" \/>\n<meta property=\"og:locale\" content=\"en_US\" \/>\n<meta property=\"og:type\" content=\"article\" \/>\n<meta property=\"og:title\" content=\"Propriet\u00e0 intellettuale e ricerca universitaria: Paolo Di Giovine ne parla per PoC Academy\" \/>\n<meta property=\"og:description\" content=\"Propriet\u00e0 intellettuale e ricerca universitaria, Paolo Di Giovine ne parler\u00e0 in un seminario per PoC Academy il 18 gennaio 2024.\" \/>\n<meta property=\"og:url\" content=\"https:\/\/www.sib.it\/?p=25798\" \/>\n<meta property=\"article:published_time\" content=\"2024-01-18T11:17:47+00:00\" \/>\n<meta property=\"article:modified_time\" content=\"2024-01-05T11:31:12+00:00\" \/>\n<meta property=\"og:image\" content=\"https:\/\/www.sib.it\/wp-content\/uploads\/2017\/11\/Lecture3.thmb_.jpg\" \/>\n\t<meta property=\"og:image:width\" content=\"263\" \/>\n\t<meta property=\"og:image:height\" content=\"165\" \/>\n\t<meta property=\"og:image:type\" content=\"image\/jpeg\" \/>\n<meta name=\"twitter:card\" content=\"summary\" \/>\n<meta name=\"twitter:label1\" content=\"Written by\" \/>\n\t<meta name=\"twitter:data1\" content=\"Laura Ercoli\" \/>\n\t<meta name=\"twitter:label2\" content=\"Est. reading time\" \/>\n\t<meta name=\"twitter:data2\" content=\"1 minute\" \/>\n<script type=\"application\/ld+json\" class=\"yoast-schema-graph\">{\"@context\":\"https:\/\/schema.org\",\"@graph\":[{\"@type\":\"WebSite\",\"@id\":\"https:\/\/www.sib.it\/#website\",\"url\":\"https:\/\/www.sib.it\/\",\"name\":\"\",\"description\":\"Intellectual Property since 1882\",\"potentialAction\":[{\"@type\":\"SearchAction\",\"target\":{\"@type\":\"EntryPoint\",\"urlTemplate\":\"https:\/\/www.sib.it\/?s={search_term_string}\"},\"query-input\":\"required name=search_term_string\"}],\"inLanguage\":\"en-US\"},{\"@type\":\"ImageObject\",\"@id\":\"https:\/\/www.sib.it\/?p=25798#primaryimage\",\"inLanguage\":\"en-US\",\"url\":\"https:\/\/www.sib.it\/wp-content\/uploads\/2017\/11\/Lecture3.thmb_.jpg\",\"contentUrl\":\"https:\/\/www.sib.it\/wp-content\/uploads\/2017\/11\/Lecture3.thmb_.jpg\",\"width\":263,\"height\":165,\"caption\":\"propriet\u00e0 intellettuale e ricerca universitaria\"},{\"@type\":\"WebPage\",\"@id\":\"https:\/\/www.sib.it\/?p=25798#webpage\",\"url\":\"https:\/\/www.sib.it\/?p=25798\",\"name\":\"Propriet\u00e0 intellettuale e ricerca universitaria: Paolo Di Giovine ne parla per PoC Academy\",\"isPartOf\":{\"@id\":\"https:\/\/www.sib.it\/#website\"},\"primaryImageOfPage\":{\"@id\":\"https:\/\/www.sib.it\/?p=25798#primaryimage\"},\"datePublished\":\"2024-01-18T11:17:47+00:00\",\"dateModified\":\"2024-01-05T11:31:12+00:00\",\"author\":{\"@id\":\"https:\/\/www.sib.it\/#\/schema\/person\/3988cde84153da4b745510f0712d395b\"},\"description\":\"Propriet\u00e0 intellettuale e ricerca universitaria, Paolo Di Giovine ne parler\u00e0 in un seminario per PoC Academy il 18 gennaio 2024.\",\"breadcrumb\":{\"@id\":\"https:\/\/www.sib.it\/?p=25798#breadcrumb\"},\"inLanguage\":\"en-US\",\"potentialAction\":[{\"@type\":\"ReadAction\",\"target\":[\"https:\/\/www.sib.it\/?p=25798\"]}]},{\"@type\":\"BreadcrumbList\",\"@id\":\"https:\/\/www.sib.it\/?p=25798#breadcrumb\",\"itemListElement\":[{\"@type\":\"ListItem\",\"position\":1,\"name\":\"Home\",\"item\":\"https:\/\/www.sib.it\/\"},{\"@type\":\"ListItem\",\"position\":2,\"name\":\"Propriet\u00e0 intellettuale e ricerca universitaria: Paolo Di Giovine tiene seminario PoC Academy\"}]},{\"@type\":\"Person\",\"@id\":\"https:\/\/www.sib.it\/#\/schema\/person\/3988cde84153da4b745510f0712d395b\",\"name\":\"Laura Ercoli\",\"image\":{\"@type\":\"ImageObject\",\"@id\":\"https:\/\/www.sib.it\/#personlogo\",\"inLanguage\":\"en-US\",\"url\":\"https:\/\/secure.gravatar.com\/avatar\/40352aead1e319e41371a554b61ab9b8?s=96&d=mm&r=g\",\"contentUrl\":\"https:\/\/secure.gravatar.com\/avatar\/40352aead1e319e41371a554b61ab9b8?s=96&d=mm&r=g\",\"caption\":\"Laura Ercoli\"},\"url\":\"https:\/\/www.sib.it\/en\/author\/lercoli\/\"}]}<\/script>\n<!-- \/ Yoast SEO plugin. -->","yoast_head_json":{"title":"Propriet\u00e0 intellettuale e ricerca universitaria: Paolo Di Giovine ne parla per PoC Academy","description":"Propriet\u00e0 intellettuale e ricerca universitaria, Paolo Di Giovine ne parler\u00e0 in un seminario per PoC Academy il 18 gennaio 2024.","robots":{"index":"index","follow":"follow","max-snippet":"max-snippet:-1","max-image-preview":"max-image-preview:large","max-video-preview":"max-video-preview:-1"},"canonical":"https:\/\/www.sib.it\/?p=25798","og_locale":"en_US","og_type":"article","og_title":"Propriet\u00e0 intellettuale e ricerca universitaria: Paolo Di Giovine ne parla per PoC Academy","og_description":"Propriet\u00e0 intellettuale e ricerca universitaria, Paolo Di Giovine ne parler\u00e0 in un seminario per PoC Academy il 18 gennaio 2024.","og_url":"https:\/\/www.sib.it\/?p=25798","article_published_time":"2024-01-18T11:17:47+00:00","article_modified_time":"2024-01-05T11:31:12+00:00","og_image":[{"width":263,"height":165,"url":"https:\/\/www.sib.it\/wp-content\/uploads\/2017\/11\/Lecture3.thmb_.jpg","type":"image\/jpeg"}],"twitter_card":"summary","twitter_misc":{"Written by":"Laura Ercoli","Est. reading time":"1 minute"},"schema":{"@context":"https:\/\/schema.org","@graph":[{"@type":"WebSite","@id":"https:\/\/www.sib.it\/#website","url":"https:\/\/www.sib.it\/","name":"","description":"Intellectual Property since 1882","potentialAction":[{"@type":"SearchAction","target":{"@type":"EntryPoint","urlTemplate":"https:\/\/www.sib.it\/?s={search_term_string}"},"query-input":"required name=search_term_string"}],"inLanguage":"en-US"},{"@type":"ImageObject","@id":"https:\/\/www.sib.it\/?p=25798#primaryimage","inLanguage":"en-US","url":"https:\/\/www.sib.it\/wp-content\/uploads\/2017\/11\/Lecture3.thmb_.jpg","contentUrl":"https:\/\/www.sib.it\/wp-content\/uploads\/2017\/11\/Lecture3.thmb_.jpg","width":263,"height":165,"caption":"propriet\u00e0 intellettuale e ricerca universitaria"},{"@type":"WebPage","@id":"https:\/\/www.sib.it\/?p=25798#webpage","url":"https:\/\/www.sib.it\/?p=25798","name":"Propriet\u00e0 intellettuale e ricerca universitaria: Paolo Di Giovine ne parla per PoC Academy","isPartOf":{"@id":"https:\/\/www.sib.it\/#website"},"primaryImageOfPage":{"@id":"https:\/\/www.sib.it\/?p=25798#primaryimage"},"datePublished":"2024-01-18T11:17:47+00:00","dateModified":"2024-01-05T11:31:12+00:00","author":{"@id":"https:\/\/www.sib.it\/#\/schema\/person\/3988cde84153da4b745510f0712d395b"},"description":"Propriet\u00e0 intellettuale e ricerca universitaria, Paolo Di Giovine ne parler\u00e0 in un seminario per PoC Academy il 18 gennaio 2024.","breadcrumb":{"@id":"https:\/\/www.sib.it\/?p=25798#breadcrumb"},"inLanguage":"en-US","potentialAction":[{"@type":"ReadAction","target":["https:\/\/www.sib.it\/?p=25798"]}]},{"@type":"BreadcrumbList","@id":"https:\/\/www.sib.it\/?p=25798#breadcrumb","itemListElement":[{"@type":"ListItem","position":1,"name":"Home","item":"https:\/\/www.sib.it\/"},{"@type":"ListItem","position":2,"name":"Propriet\u00e0 intellettuale e ricerca universitaria: Paolo Di Giovine tiene seminario PoC Academy"}]},{"@type":"Person","@id":"https:\/\/www.sib.it\/#\/schema\/person\/3988cde84153da4b745510f0712d395b","name":"Laura Ercoli","image":{"@type":"ImageObject","@id":"https:\/\/www.sib.it\/#personlogo","inLanguage":"en-US","url":"https:\/\/secure.gravatar.com\/avatar\/40352aead1e319e41371a554b61ab9b8?s=96&d=mm&r=g","contentUrl":"https:\/\/secure.gravatar.com\/avatar\/40352aead1e319e41371a554b61ab9b8?s=96&d=mm&r=g","caption":"Laura Ercoli"},"url":"https:\/\/www.sib.it\/en\/author\/lercoli\/"}]}},"_links":{"self":[{"href":"https:\/\/www.sib.it\/en\/wp-json\/wp\/v2\/posts\/25798"}],"collection":[{"href":"https:\/\/www.sib.it\/en\/wp-json\/wp\/v2\/posts"}],"about":[{"href":"https:\/\/www.sib.it\/en\/wp-json\/wp\/v2\/types\/post"}],"author":[{"embeddable":true,"href":"https:\/\/www.sib.it\/en\/wp-json\/wp\/v2\/users\/4"}],"replies":[{"embeddable":true,"href":"https:\/\/www.sib.it\/en\/wp-json\/wp\/v2\/comments?post=25798"}],"version-history":[{"count":4,"href":"https:\/\/www.sib.it\/en\/wp-json\/wp\/v2\/posts\/25798\/revisions"}],"predecessor-version":[{"id":25804,"href":"https:\/\/www.sib.it\/en\/wp-json\/wp\/v2\/posts\/25798\/revisions\/25804"}],"wp:featuredmedia":[{"embeddable":true,"href":"https:\/\/www.sib.it\/en\/wp-json\/wp\/v2\/media\/5471"}],"wp:attachment":[{"href":"https:\/\/www.sib.it\/en\/wp-json\/wp\/v2\/media?parent=25798"}],"wp:term":[{"taxonomy":"category","embeddable":true,"href":"https:\/\/www.sib.it\/en\/wp-json\/wp\/v2\/categories?post=25798"},{"taxonomy":"post_tag","embeddable":true,"href":"https:\/\/www.sib.it\/en\/wp-json\/wp\/v2\/tags?post=25798"}],"curies":[{"name":"wp","href":"https:\/\/api.w.org\/{rel}","templated":true}]}}